{"id":637,"date":"2024-02-02T12:24:00","date_gmt":"2024-02-02T11:24:00","guid":{"rendered":"https:\/\/galeriamemoria.com\/?p=637"},"modified":"2024-10-03T11:49:50","modified_gmt":"2024-10-03T09:49:50","slug":"el-universal-lavado-de-cara-una-polemica-pieza-sobre-la-corrupcion-politica-en-mexico-se-vende-de-inmediato-en-zona-maco","status":"publish","type":"post","link":"https:\/\/galeriamemoria.com\/en\/2024\/02\/02\/el-universal-lavado-de-cara-una-polemica-pieza-sobre-la-corrupcion-politica-en-mexico-se-vende-de-inmediato-en-zona-maco\/","title":{"rendered":"El Universal | \u201cLavado de cara\u201d, a controversial piece about political corruption in Mexico, sells out immediately at Zona Maco."},"content":{"rendered":"\n<p class=\"wp-block-paragraph\">Frida Escobedo, 08.02.2024<\/p>\n\n\n\n<p class=\"has-text-align-justify wp-block-paragraph\">Not even three hours had passed since the opening of Zona Maco and the work \u201cLavado de cara\u201d (2024) by Eugenio Merino (Madrid, 1975) had already been bought (the amount was not disclosed). He didn&#8217;t expect it either. In a space where many people are looking for art for their personal collections, it is difficult to sell installations, especially of hard themes such as politics and violence, which remind us of reality.<\/p>\n\n\n\n<p class=\"has-text-align-justify wp-block-paragraph\">But this sculpture, which consists of a dishwasher with plates printed with the faces of 15 Mexican presidents since 1929, led by Andr\u00e9s Manuel L\u00f3pez Obrador, Enrique Pe\u00f1a Nieto and Felipe Calder\u00f3n, was the exception.<\/p>\n\n\n\n<p class=\"wp-block-paragraph\">(&#8230;)<br><\/p>\n\n\n\n<div class=\"wp-block-buttons is-layout-flex wp-block-buttons-is-layout-flex\">\n<div class=\"wp-block-button\"><a class=\"wp-block-button__link wp-element-button\" href=\"https:\/\/www.eluniversal.com.mx\/cultura\/lavado-de-cara-una-polemica-pieza-sobre-la-corrupcion-politica-en-mexico-se-vende-de-inmediato-en-zona-maco\/\" target=\"_blank\" rel=\"noreferrer noopener\">Read More<\/a><\/div>\n<\/div>\n\n\n\n<p class=\"wp-block-paragraph\"><\/p>\n","protected":false},"excerpt":{"rendered":"<p>Frida Escobedo, 08.02.2024 Not even three hours had passed since the opening of Zona Maco and the work \u201cLavado de cara\u201d (2024) by Eugenio Merino (Madrid, 1975) had already been bought (the amount was not disclosed). He didn&#8217;t expect it either. In a space where many people are looking for art for their personal collections, [&hellip;]<\/p>\n","protected":false},"author":251800687,"featured_media":602,"comment_status":"closed","ping_status":"closed","sticky":false,"template":"","format":"standard","meta":{"advanced_seo_description":"","jetpack_seo_html_title":"","jetpack_seo_noindex":false,"jetpack_seo_schema_type":"","_jetpack_newsletter_access":"","_jetpack_dont_email_post_to_subs":false,"_jetpack_newsletter_tier_id":0,"_jetpack_memberships_contains_paywalled_content":false,"_wpcom_ai_launchpad_first_post":false,"_jetpack_feature_clip_id":0,"_jetpack_memberships_contains_paid_content":false,"footnotes":"","jetpack_post_was_ever_published":false},"categories":[473719,9322834,769224384],"tags":[],"class_list":["post-637","post","type-post","status-publish","format-standard","has-post-thumbnail","hentry","category-art-fairs","category-eugenio-merino","category-zona-maco-2024"],"jetpack_likes_enabled":false,"jetpack_sharing_enabled":true,"jetpack_shortlink":"https:\/\/wp.me\/pfPCnn-ah","jetpack-related-posts":[],"jetpack_featured_media_url":"https:\/\/i0.wp.com\/galeriamemoria.com\/wp-content\/uploads\/2024\/08\/gpmaco-22.jpg?fit=5568%2C3712&ssl=1","_links":{"self":[{"href":"https:\/\/galeriamemoria.com\/en\/wp-json\/wp\/v2\/posts\/637","targetHints":{"allow":["GET"]}}],"collection":[{"href":"https:\/\/galeriamemoria.com\/en\/wp-json\/wp\/v2\/posts"}],"about":[{"href":"https:\/\/galeriamemoria.com\/en\/wp-json\/wp\/v2\/types\/post"}],"author":[{"embeddable":true,"href":"https:\/\/galeriamemoria.com\/en\/wp-json\/wp\/v2\/users\/251800687"}],"replies":[{"embeddable":true,"href":"https:\/\/galeriamemoria.com\/en\/wp-json\/wp\/v2\/comments?post=637"}],"version-history":[{"count":7,"href":"https:\/\/galeriamemoria.com\/en\/wp-json\/wp\/v2\/posts\/637\/revisions"}],"predecessor-version":[{"id":2161,"href":"https:\/\/galeriamemoria.com\/en\/wp-json\/wp\/v2\/posts\/637\/revisions\/2161"}],"wp:featuredmedia":[{"embeddable":true,"href":"https:\/\/galeriamemoria.com\/en\/wp-json\/wp\/v2\/media\/602"}],"wp:attachment":[{"href":"https:\/\/galeriamemoria.com\/en\/wp-json\/wp\/v2\/media?parent=637"}],"wp:term":[{"taxonomy":"category","embeddable":true,"href":"https:\/\/galeriamemoria.com\/en\/wp-json\/wp\/v2\/categories?post=637"},{"taxonomy":"post_tag","embeddable":true,"href":"https:\/\/galeriamemoria.com\/en\/wp-json\/wp\/v2\/tags?post=637"}],"curies":[{"name":"wp","href":"https:\/\/api.w.org\/{rel}","templated":true}]}}