{"id":1152,"date":"2024-08-23T17:20:23","date_gmt":"2024-08-23T15:20:23","guid":{"rendered":"https:\/\/galeriamemoria.com\/?p=1152"},"modified":"2024-09-28T18:09:53","modified_gmt":"2024-09-28T16:09:53","slug":"fondation-bemberg-les-paradis-latins-etoiles-sud-americaines","status":"publish","type":"post","link":"https:\/\/galeriamemoria.com\/es\/2024\/08\/23\/fondation-bemberg-les-paradis-latins-etoiles-sud-americaines\/","title":{"rendered":"Fondation Bemberg | Les paradis latins: \u00e9toiles sud-am\u00e9ricaines"},"content":{"rendered":"<p class=\"wp-block-paragraph\">Fondation Bemberg, 07.07.2024<\/p>\n\n\n\n<p class=\"wp-block-paragraph\">Curada por Alexis Fabry, Les Paradis Latins abarca m\u00e1s de un siglo de fotograf\u00eda latinoamericana y doscientas im\u00e1genes de Argentina, Brasil, Chile, Colombia, Costa Rica, Cuba, Ecuador, Guatemala, M\u00e9xico, Per\u00fa y Venezuela bajo la lente de 83 artistas.<\/p>\n\n\n\n<p class=\"wp-block-paragraph\">(&#8230;)<\/p>\n\n\n\n<div class=\"wp-block-buttons is-layout-flex wp-block-buttons-is-layout-flex\">\n<div class=\"wp-block-button\"><a class=\"wp-block-button__link wp-element-button\" href=\"https:\/\/www.fondation-bemberg.fr\/expositions\/les-paradis-latins-etoiles-sud-americaines\" target=\"_blank\" rel=\"noreferrer noopener\">Leer m\u00e1s<\/a><\/div>\n<\/div>","protected":false},"excerpt":{"rendered":"<p>Fondation Bemberg, 07.07.2024 Curated by Alexis Fabry, Les Paradis Latins covers more than a century of Latin American photography and two hundred images from Argentina, Brazil, Chile, Colombia, Costa Rica, Cuba, Ecuador, Guatemala, Mexico, Peru and Venezuela through the lens of 83 artists. (&#8230;)<\/p>","protected":false},"author":251800687,"featured_media":1154,"comment_status":"closed","ping_status":"closed","sticky":false,"template":"","format":"standard","meta":{"advanced_seo_description":"","jetpack_seo_html_title":"","jetpack_seo_noindex":false,"jetpack_seo_schema_type":"","_jetpack_newsletter_access":"","_jetpack_dont_email_post_to_subs":false,"_jetpack_newsletter_tier_id":0,"_jetpack_memberships_contains_paywalled_content":false,"_wpcom_ai_launchpad_first_post":false,"_jetpack_feature_clip_id":0,"_jetpack_memberships_contains_paid_content":false,"footnotes":"","jetpack_post_was_ever_published":false},"categories":[1771],"tags":[],"class_list":["post-1152","post","type-post","status-publish","format-standard","has-post-thumbnail","hentry","category-sin-categoria"],"jetpack_likes_enabled":false,"jetpack_sharing_enabled":true,"jetpack_shortlink":"https:\/\/wp.me\/pfPCnn-iA","jetpack-related-posts":[],"jetpack_featured_media_url":"https:\/\/i0.wp.com\/galeriamemoria.com\/wp-content\/uploads\/2024\/08\/A733150-copie.jpg?fit=810%2C650&ssl=1","_links":{"self":[{"href":"https:\/\/galeriamemoria.com\/es\/wp-json\/wp\/v2\/posts\/1152","targetHints":{"allow":["GET"]}}],"collection":[{"href":"https:\/\/galeriamemoria.com\/es\/wp-json\/wp\/v2\/posts"}],"about":[{"href":"https:\/\/galeriamemoria.com\/es\/wp-json\/wp\/v2\/types\/post"}],"author":[{"embeddable":true,"href":"https:\/\/galeriamemoria.com\/es\/wp-json\/wp\/v2\/users\/251800687"}],"replies":[{"embeddable":true,"href":"https:\/\/galeriamemoria.com\/es\/wp-json\/wp\/v2\/comments?post=1152"}],"version-history":[{"count":4,"href":"https:\/\/galeriamemoria.com\/es\/wp-json\/wp\/v2\/posts\/1152\/revisions"}],"predecessor-version":[{"id":1908,"href":"https:\/\/galeriamemoria.com\/es\/wp-json\/wp\/v2\/posts\/1152\/revisions\/1908"}],"wp:featuredmedia":[{"embeddable":true,"href":"https:\/\/galeriamemoria.com\/es\/wp-json\/wp\/v2\/media\/1154"}],"wp:attachment":[{"href":"https:\/\/galeriamemoria.com\/es\/wp-json\/wp\/v2\/media?parent=1152"}],"wp:term":[{"taxonomy":"category","embeddable":true,"href":"https:\/\/galeriamemoria.com\/es\/wp-json\/wp\/v2\/categories?post=1152"},{"taxonomy":"post_tag","embeddable":true,"href":"https:\/\/galeriamemoria.com\/es\/wp-json\/wp\/v2\/tags?post=1152"}],"curies":[{"name":"wp","href":"https:\/\/api.w.org\/{rel}","templated":true}]}}