{"id":1342,"date":"2023-06-18T13:45:00","date_gmt":"2023-06-18T11:45:00","guid":{"rendered":"https:\/\/galeriamemoria.com\/?p=1342"},"modified":"2024-10-03T11:58:44","modified_gmt":"2024-10-03T09:58:44","slug":"el-diario-una-exposicion-para-recuperar-vidas-trans-que-no-han-sido-en-vano","status":"publish","type":"post","link":"https:\/\/galeriamemoria.com\/es\/2023\/06\/18\/el-diario-una-exposicion-para-recuperar-vidas-trans-que-no-han-sido-en-vano\/","title":{"rendered":"El Diario | Una exposici\u00f3n para recuperar vidas trans que \u201cno han sido en vano\u201d"},"content":{"rendered":"<p class=\"wp-block-paragraph\">Agencia EFE, 18.06.2023<\/p>\n\n\n\n<p class=\"has-text-align-justify wp-block-paragraph\">La exposici\u00f3n \u201cFantas\u00edas Disidentes, Chile \u2013 M\u00e9xico, 1978-1987\u201d quiere reivindicar el activismo LGBT y de g\u00e9nero, y en concreto el que decenas de personas trans llevaron a cabo en estos pa\u00edses durante esa d\u00e9cada donde a\u00fan los derechos del colectivo apenas exist\u00edan y dejar claro que estas vidas \u201cno fueron en va<\/p>\n\n\n\n<p class=\"has-text-align-justify wp-block-paragraph\">La galer\u00eda madrile\u00f1a Memoria vuelve a la carga con una muestra muy pol\u00edtica, con fotograf\u00edas y dibujos de las reconocidas artistas mexicanas Graciela Iturbide (Ciudad de M\u00e9xico, 1942), Yolanda Andrade (Villahermosa, 1950), Terry Holiday (Ciudad de M\u00e9xico, 1955) y la chilena Paz Err\u00e1zuriz (Santiago de Chile, 1944).<\/p>\n\n\n\n<p class=\"wp-block-paragraph\">(&#8230;)<\/p>\n\n\n\n<div class=\"wp-block-buttons is-layout-flex wp-block-buttons-is-layout-flex\">\n<div class=\"wp-block-button\"><a class=\"wp-block-button__link wp-element-button\" href=\"https:\/\/www.eldiario.es\/cultura\/exposicion-recuperar-vidas-trans-no-han-sido-vano_1_10305737.html\" target=\"_blank\" rel=\"noreferrer noopener\">Leer m\u00e1s<\/a><\/div>\n<\/div>","protected":false},"excerpt":{"rendered":"<p>Agencia EFE, 18.06.2023 The exhibition \u201cDissident Fantasies, Chile &#8211; Mexico, 1978-1987\u201d wants to vindicate LGBT and gender activism, and specifically the one that dozens of trans people carried out in these countries during that decade when the rights of the collective barely existed and make it clear that these lives \u201cwere not in vain\u201d. The [&hellip;]<\/p>\n","protected":false},"author":251800687,"featured_media":1344,"comment_status":"closed","ping_status":"closed","sticky":false,"template":"","format":"standard","meta":{"advanced_seo_description":"","jetpack_seo_html_title":"","jetpack_seo_noindex":false,"jetpack_seo_schema_type":"","_jetpack_newsletter_access":"","_jetpack_dont_email_post_to_subs":false,"_jetpack_newsletter_tier_id":0,"_jetpack_memberships_contains_paywalled_content":false,"_wpcom_ai_launchpad_first_post":false,"_jetpack_feature_clip_id":0,"_jetpack_memberships_contains_paid_content":false,"footnotes":"","jetpack_post_was_ever_published":false},"categories":[1771],"tags":[],"class_list":["post-1342","post","type-post","status-publish","format-standard","has-post-thumbnail","hentry","category-sin-categoria"],"jetpack_likes_enabled":false,"jetpack_sharing_enabled":true,"jetpack_shortlink":"https:\/\/wp.me\/pfPCnn-lE","jetpack-related-posts":[],"jetpack_featured_media_url":"https:\/\/i0.wp.com\/galeriamemoria.com\/wp-content\/uploads\/2024\/08\/6905a239-6005-4f76-97ff-eda1ccf99bc6_16-9-aspect-ratio_default_0.webp?fit=880%2C495&ssl=1","_links":{"self":[{"href":"https:\/\/galeriamemoria.com\/es\/wp-json\/wp\/v2\/posts\/1342","targetHints":{"allow":["GET"]}}],"collection":[{"href":"https:\/\/galeriamemoria.com\/es\/wp-json\/wp\/v2\/posts"}],"about":[{"href":"https:\/\/galeriamemoria.com\/es\/wp-json\/wp\/v2\/types\/post"}],"author":[{"embeddable":true,"href":"https:\/\/galeriamemoria.com\/es\/wp-json\/wp\/v2\/users\/251800687"}],"replies":[{"embeddable":true,"href":"https:\/\/galeriamemoria.com\/es\/wp-json\/wp\/v2\/comments?post=1342"}],"version-history":[{"count":4,"href":"https:\/\/galeriamemoria.com\/es\/wp-json\/wp\/v2\/posts\/1342\/revisions"}],"predecessor-version":[{"id":2162,"href":"https:\/\/galeriamemoria.com\/es\/wp-json\/wp\/v2\/posts\/1342\/revisions\/2162"}],"wp:featuredmedia":[{"embeddable":true,"href":"https:\/\/galeriamemoria.com\/es\/wp-json\/wp\/v2\/media\/1344"}],"wp:attachment":[{"href":"https:\/\/galeriamemoria.com\/es\/wp-json\/wp\/v2\/media?parent=1342"}],"wp:term":[{"taxonomy":"category","embeddable":true,"href":"https:\/\/galeriamemoria.com\/es\/wp-json\/wp\/v2\/categories?post=1342"},{"taxonomy":"post_tag","embeddable":true,"href":"https:\/\/galeriamemoria.com\/es\/wp-json\/wp\/v2\/tags?post=1342"}],"curies":[{"name":"wp","href":"https:\/\/api.w.org\/{rel}","templated":true}]}}