{"id":5456,"date":"2026-06-27T10:33:58","date_gmt":"2026-06-27T08:33:58","guid":{"rendered":"https:\/\/galeriamemoria.com\/?p=5456"},"modified":"2026-06-27T10:45:06","modified_gmt":"2026-06-27T08:45:06","slug":"el-cierre-digital-sandra-eleta-exhibits-at-galeria-memoria-in-madrid-the-photographer-who-captured-the-inequalities-of-latin-america","status":"publish","type":"post","link":"https:\/\/galeriamemoria.com\/es\/2026\/06\/27\/el-cierre-digital-sandra-eleta-exhibits-at-galeria-memoria-in-madrid-the-photographer-who-captured-the-inequalities-of-latin-america\/","title":{"rendered":"El Cierre Digital | Sandra Eleta  exhibits at Galer\u00eda Memoria in Madrid: The photographer who captured the inequalities of Latin America"},"content":{"rendered":"<p class=\"wp-block-paragraph\">El Cierre Digital | 07.06.2026<\/p>\n\n\n\n<p class=\"has-text-align-justify wp-block-paragraph\">La autora paname\u00f1a inaugura en la Galer\u00eda Memoria de Madrid la exposici\u00f3n 'La Servidumbre'. Se trata de una reflexi\u00f3n sobre clase social, trabajo dom\u00e9stico y poder realizada entre Panam\u00e1 y Espa\u00f1a. Sandra Eleta, referente del fotodocumentalismo latinoamericano desde los a\u00f1os setenta, fue parte de una generaci\u00f3n que ayud\u00f3 a construir una identidad fotogr\u00e1fica propia<\/p>\n\n\n\n<div class=\"wp-block-buttons is-layout-flex wp-block-buttons-is-layout-flex\">\n<div class=\"wp-block-button\"><a class=\"wp-block-button__link wp-element-button\" href=\"https:\/\/elcierredigital.com\/autonomias\/sandra-eleta-expone-en-la-galeria-memoria-de-madrid-la-fotografa-que-retrato-las-desigualdades-de-america-latina\">Leer m\u00e1s<\/a><\/div>\n<\/div>","protected":false},"excerpt":{"rendered":"<p>El Cierre Digital | 07.06.2026 The Panamanian artist is opening the exhibition \u2018La Servidumbre\u2019 at the Galer\u00eda Memoria in Madrid. It is a reflection on social class, domestic labour and power, created between Panama and Spain. Sandra Eleta, a leading figure in Latin American photojournalism since the 1970s, was part of a generation that helped [&hellip;]<\/p>\n","protected":false},"author":251800687,"featured_media":5458,"comment_status":"closed","ping_status":"closed","sticky":false,"template":"","format":"standard","meta":{"advanced_seo_description":"","jetpack_seo_html_title":"","jetpack_seo_noindex":false,"jetpack_seo_schema_type":"","_jetpack_newsletter_access":"","_jetpack_dont_email_post_to_subs":true,"_jetpack_newsletter_tier_id":0,"_jetpack_memberships_contains_paywalled_content":false,"_wpcom_ai_launchpad_first_post":false,"_jetpack_feature_clip_id":0,"_jetpack_memberships_contains_paid_content":false,"footnotes":"","jetpack_post_was_ever_published":false},"categories":[1771],"tags":[],"class_list":["post-5456","post","type-post","status-publish","format-standard","has-post-thumbnail","hentry","category-sin-categoria"],"jetpack_likes_enabled":false,"jetpack_sharing_enabled":true,"jetpack_shortlink":"https:\/\/wp.me\/pfPCnn-1q0","jetpack-related-posts":[],"jetpack_featured_media_url":"https:\/\/i0.wp.com\/galeriamemoria.com\/wp-content\/uploads\/2026\/06\/eleta_sandra.jpg?fit=1560%2C878&ssl=1","_links":{"self":[{"href":"https:\/\/galeriamemoria.com\/es\/wp-json\/wp\/v2\/posts\/5456","targetHints":{"allow":["GET"]}}],"collection":[{"href":"https:\/\/galeriamemoria.com\/es\/wp-json\/wp\/v2\/posts"}],"about":[{"href":"https:\/\/galeriamemoria.com\/es\/wp-json\/wp\/v2\/types\/post"}],"author":[{"embeddable":true,"href":"https:\/\/galeriamemoria.com\/es\/wp-json\/wp\/v2\/users\/251800687"}],"replies":[{"embeddable":true,"href":"https:\/\/galeriamemoria.com\/es\/wp-json\/wp\/v2\/comments?post=5456"}],"version-history":[{"count":5,"href":"https:\/\/galeriamemoria.com\/es\/wp-json\/wp\/v2\/posts\/5456\/revisions"}],"predecessor-version":[{"id":5464,"href":"https:\/\/galeriamemoria.com\/es\/wp-json\/wp\/v2\/posts\/5456\/revisions\/5464"}],"wp:featuredmedia":[{"embeddable":true,"href":"https:\/\/galeriamemoria.com\/es\/wp-json\/wp\/v2\/media\/5458"}],"wp:attachment":[{"href":"https:\/\/galeriamemoria.com\/es\/wp-json\/wp\/v2\/media?parent=5456"}],"wp:term":[{"taxonomy":"category","embeddable":true,"href":"https:\/\/galeriamemoria.com\/es\/wp-json\/wp\/v2\/categories?post=5456"},{"taxonomy":"post_tag","embeddable":true,"href":"https:\/\/galeriamemoria.com\/es\/wp-json\/wp\/v2\/tags?post=5456"}],"curies":[{"name":"wp","href":"https:\/\/api.w.org\/{rel}","templated":true}]}}