{"id":5513,"date":"2026-07-14T19:57:54","date_gmt":"2026-07-14T17:57:54","guid":{"rendered":"https:\/\/galeriamemoria.com\/?p=5513"},"modified":"2026-07-15T11:19:23","modified_gmt":"2026-07-15T09:19:23","slug":"rtve-metropolis-marta-palau","status":"publish","type":"post","link":"https:\/\/galeriamemoria.com\/es\/2026\/07\/14\/rtve-metropolis-marta-palau\/","title":{"rendered":"RTVE | Metr\u00f3polis: Marta Palau"},"content":{"rendered":"<p class=\"wp-block-paragraph\">By Ruth Cantarero &amp; Susana Blas | RTVE, 02.12.2025<\/p>\n\n\n\n<p class=\"wp-block-paragraph\">Cap\u00edtulo dedicado a la artista Marta Palau partiendo de la exposici\u00f3n \u2018Mis caminos son terrestres\u2019, que le dedica el Museo Tapies. En coproducci\u00f3n con el MUAC de M\u00e9xico, se recupera el legado de esta artista catalana fundamental, que se exili\u00f3 a Tijuana en 1941 a ra\u00edz de la dictadura franquista.<\/p>\n\n\n\n<div class=\"wp-block-buttons is-layout-flex wp-block-buttons-is-layout-flex\">\n<div class=\"wp-block-button\"><a class=\"wp-block-button__link wp-element-button\" href=\"https:\/\/www.rtve.es\/play\/videos\/metropolis\/marta-palau\/16840740\/\">Ver aqu\u00ed<\/a><\/div>\n<\/div>","protected":false},"excerpt":{"rendered":"<p>By Ruth Cantarero &amp; Susana Blas | RTVE, 02.12.2025 A chapter dedicated to the artist Marta Palau, based on the exhibition \u2018Mis caminos son terrestres\u2019, organised in her honour by the Tapies Museum. In collaboration with the MUAC in Mexico, this chapter explores the legacy of this seminal Catalan artist, who went into exile in [&hellip;]<\/p>\n","protected":false},"author":251800687,"featured_media":5520,"comment_status":"closed","ping_status":"closed","sticky":false,"template":"","format":"standard","meta":{"advanced_seo_description":"","jetpack_seo_html_title":"","jetpack_seo_noindex":false,"jetpack_seo_schema_type":"","_jetpack_newsletter_access":"","_jetpack_dont_email_post_to_subs":true,"_jetpack_newsletter_tier_id":0,"_jetpack_memberships_contains_paywalled_content":false,"_wpcom_ai_launchpad_first_post":false,"_jetpack_feature_clip_id":0,"_jetpack_memberships_contains_paid_content":false,"footnotes":"","jetpack_post_was_ever_published":false},"categories":[1771],"tags":[],"class_list":["post-5513","post","type-post","status-publish","format-standard","has-post-thumbnail","hentry","category-sin-categoria"],"jetpack_likes_enabled":false,"jetpack_sharing_enabled":true,"jetpack_shortlink":"https:\/\/wp.me\/pfPCnn-1qV","jetpack-related-posts":[],"jetpack_featured_media_url":"https:\/\/i0.wp.com\/galeriamemoria.com\/wp-content\/uploads\/2026\/07\/Captura-de-pantalla-2026-07-15-a-las-11.jpg?fit=1288%2C720&ssl=1","_links":{"self":[{"href":"https:\/\/galeriamemoria.com\/es\/wp-json\/wp\/v2\/posts\/5513","targetHints":{"allow":["GET"]}}],"collection":[{"href":"https:\/\/galeriamemoria.com\/es\/wp-json\/wp\/v2\/posts"}],"about":[{"href":"https:\/\/galeriamemoria.com\/es\/wp-json\/wp\/v2\/types\/post"}],"author":[{"embeddable":true,"href":"https:\/\/galeriamemoria.com\/es\/wp-json\/wp\/v2\/users\/251800687"}],"replies":[{"embeddable":true,"href":"https:\/\/galeriamemoria.com\/es\/wp-json\/wp\/v2\/comments?post=5513"}],"version-history":[{"count":3,"href":"https:\/\/galeriamemoria.com\/es\/wp-json\/wp\/v2\/posts\/5513\/revisions"}],"predecessor-version":[{"id":5519,"href":"https:\/\/galeriamemoria.com\/es\/wp-json\/wp\/v2\/posts\/5513\/revisions\/5519"}],"wp:featuredmedia":[{"embeddable":true,"href":"https:\/\/galeriamemoria.com\/es\/wp-json\/wp\/v2\/media\/5520"}],"wp:attachment":[{"href":"https:\/\/galeriamemoria.com\/es\/wp-json\/wp\/v2\/media?parent=5513"}],"wp:term":[{"taxonomy":"category","embeddable":true,"href":"https:\/\/galeriamemoria.com\/es\/wp-json\/wp\/v2\/categories?post=5513"},{"taxonomy":"post_tag","embeddable":true,"href":"https:\/\/galeriamemoria.com\/es\/wp-json\/wp\/v2\/tags?post=5513"}],"curies":[{"name":"wp","href":"https:\/\/api.w.org\/{rel}","templated":true}]}}